{"id":1910,"date":"2024-08-02T10:29:29","date_gmt":"2024-08-02T13:29:29","guid":{"rendered":"https:\/\/radioinsideweb.com.br\/site\/g1-entrevista-candidatos-as-prefeituras-de-sao-paulo-e-rio-a-partir-do-dia-5\/"},"modified":"2024-08-02T10:29:29","modified_gmt":"2024-08-02T13:29:29","slug":"g1-entrevista-candidatos-as-prefeituras-de-sao-paulo-e-rio-a-partir-do-dia-5","status":"publish","type":"post","link":"https:\/\/radioinsideweb.com.br\/site\/g1-entrevista-candidatos-as-prefeituras-de-sao-paulo-e-rio-a-partir-do-dia-5\/","title":{"rendered":"g1 entrevista candidatos \u00e0s prefeituras de S\u00e3o Paulo e Rio a partir do dia 5"},"content":{"rendered":"<p>\u00c9 a primeira rodada de entrevistas do Jornalismo da Globo. Natuza Nery, em SP, e Edmilson \u00c1vila, no Rio, entrevistam ao vivo &#8211; com transmiss\u00e3o no g1 e no Youtube &#8211; os candidatos mais bem posicionados na pesquisa. Demais candidatos ter\u00e3o entrevistas gravadas publicadas na \u00edntegra. O g1 inicia na segunda-feira (5) a primeira s\u00e9rie de entrevistas do Jornalismo da Globo nas elei\u00e7\u00f5es de 2024 com todos os candidatos \u00e0s prefeituras de S\u00e3o Paulo e do Rio de Janeiro.<br \/>\nOs nomes que tiveram 5% na pesquisa Quaest de 30 de julho em S\u00e3o Paulo ser\u00e3o entrevistados por Natuza Nery, apresentadora do podcast O Assunto. No Rio, seguindo o mesmo crit\u00e9rio com base na pesquisa Quaest de 24 de julho, os candidatos ser\u00e3o entrevistados por Edimilson \u00c1vila, apresentador do podcast Desenrola, Rio. As entrevistas ter\u00e3o uma hora de dura\u00e7\u00e3o e ser\u00e3o transmitidas ao vivo no site e no Youtube do g1.<br \/>\nA ordem das entrevistas foi definida por sorteio em reuni\u00e3o com representantes das candidaturas.<br \/>\nOs candidatos que dar\u00e3o entrevista precisam ter sido confirmados em conven\u00e7\u00e3o partid\u00e1ria. As candidaturas de Ricardo Nunes (MDB), Pablo Mar\u00e7al (PRTB), Altino J\u00fanior (PSTU) Fernando Fantauzzi (DC)e Ricardo Senese (UP) ainda n\u00e3o foram confirmadas, e a oficializa\u00e7\u00e3o est\u00e1 prevista para este final de semana. A candidatura de Jo\u00e3o Pimenta (PCO) ainda n\u00e3o foi confirmada e o partido n\u00e3o informou  qual ser\u00e1 a data da conven\u00e7\u00e3o.<br \/>\nEm S\u00e3o Paulo, ser\u00e3o:<br \/>\nTabata Amaral (PSB) &#8211; segunda, 5\/8 &#8211; 13h30<br \/>\nJos\u00e9 Luiz Datena (PSDB) &#8211; ter\u00e7a, 6\/8 &#8211; 13h30<br \/>\nGuilherme Boulos (PSOL) &#8211; quarta, 7\/8 &#8211; 13h30<br \/>\nPablo Mar\u00e7al (PRTB) &#8211; sexta, 9\/8 &#8211; 13h30<br \/>\nRicardo Nunes (MDB) &#8211; segunda, 12\/8 &#8211; 13h30<br \/>\nNo Rio de Janeiro, a ordem ser\u00e1:<br \/>\nEduardo Paes (PSD) &#8211; segunda, 5\/8 &#8211; 10h30<br \/>\nAlexandre Ramagem (PL) &#8211; ter\u00e7a, 6\/8 &#8211; 10h30<br \/>\nTarc\u00edsio Motta (PSOL) &#8211; quarta, 7\/8 &#8211; 10h30<br \/>\nOs outros pr\u00e9-candidatos contemplados na pesquisa, mas que n\u00e3o atingiram 5%, ter\u00e3o entrevistas de 30 minutos gravadas.<br \/>\nEm S\u00e3o Paulo, os pr\u00e9-candidatos entrevistados pela rep\u00f3rter Paula Paiva Paulo ser\u00e3o (em ordem alfab\u00e9tica):<br \/>\nAltino J\u00fanior (PSTU)<br \/>\nJo\u00e3o Pimenta (PCO)<br \/>\nMarina Helena (Novo)<br \/>\nRicardo Senese (Unidade Popular &#8211; UP)<br \/>\n A publica\u00e7\u00e3o das entrevistas, na \u00edntegra, ser\u00e1 feita simultaneamente na ter\u00e7a (13).<br \/>\nTodas as entrevistas de S\u00e3o Paulo (as realizadas ao vivo e as que forem gravadas) ficar\u00e3o dispon\u00edveis na \u00edntegra, em v\u00eddeo e em \u00e1udio, em epis\u00f3dio especial do podcast O Assunto, e tamb\u00e9m poder\u00e3o ser assistidas no Globoplay e no YouTube.<br \/>\nNo Rio de Janeiro, os pr\u00e9-candidatos entrevistados pela rep\u00f3rter Mariana Queiroz ser\u00e3o (em ordem alfab\u00e9tica):<br \/>\nCarol Sponza (Novo)<br \/>\nCyro Garcia (PSTU)<br \/>\nHenrique Simonard (PCO)<br \/>\nJuliete Pantoja (Unidade Popular)<br \/>\nMarcelo Queiroz (PP)<br \/>\nRodrigo Amorim (Uni\u00e3o Brasil)<br \/>\nA publica\u00e7\u00e3o das entrevistas, na \u00edntegra, ser\u00e1 feita simultaneamente no s\u00e1bado (10).<br \/>\nTodas as entrevistas (as realizadas ao vivo e as que forem gravadas) ficar\u00e3o dispon\u00edveis na \u00edntegra, em v\u00eddeo, e em \u00e1udio, como epis\u00f3dio especial do podcast Desenrola, Rio, e tamb\u00e9m poder\u00e3o ser assistidas no Globoplay e no YouTube.<\/p>\n","protected":false},"excerpt":{"rendered":"<p>\u00c9 a primeira rodada de entrevistas do Jornalismo da Globo. Natuza Nery, em SP, e Edmilson \u00c1vila, no Rio, entrevistam ao vivo &#8211; com transmiss\u00e3o no g1 e no Youtube &#8211; os candidatos mais bem posicionados na pesquisa. Demais candidatos ter\u00e3o entrevistas gravadas publicadas na \u00edntegra. O g1 inicia na segunda-feira (5) a primeira s\u00e9rie &hellip;<\/p>\n<p class=\"read-more\"> <a class=\"\" href=\"https:\/\/radioinsideweb.com.br\/site\/g1-entrevista-candidatos-as-prefeituras-de-sao-paulo-e-rio-a-partir-do-dia-5\/\"> <span class=\"screen-reader-text\">g1 entrevista candidatos \u00e0s prefeituras de S\u00e3o Paulo e Rio a partir do dia 5<\/span> Leia mais &raquo;<\/a><\/p>\n","protected":false},"author":1,"featured_media":0,"comment_status":"open","ping_status":"open","sticky":false,"template":"","format":"standard","meta":{"footnotes":""},"categories":[1],"tags":[],"class_list":["post-1910","post","type-post","status-publish","format-standard","hentry","category-uncategorized"],"_links":{"self":[{"href":"https:\/\/radioinsideweb.com.br\/site\/wp-json\/wp\/v2\/posts\/1910","targetHints":{"allow":["GET"]}}],"collection":[{"href":"https:\/\/radioinsideweb.com.br\/site\/wp-json\/wp\/v2\/posts"}],"about":[{"href":"https:\/\/radioinsideweb.com.br\/site\/wp-json\/wp\/v2\/types\/post"}],"author":[{"embeddable":true,"href":"https:\/\/radioinsideweb.com.br\/site\/wp-json\/wp\/v2\/users\/1"}],"replies":[{"embeddable":true,"href":"https:\/\/radioinsideweb.com.br\/site\/wp-json\/wp\/v2\/comments?post=1910"}],"version-history":[{"count":0,"href":"https:\/\/radioinsideweb.com.br\/site\/wp-json\/wp\/v2\/posts\/1910\/revisions"}],"wp:attachment":[{"href":"https:\/\/radioinsideweb.com.br\/site\/wp-json\/wp\/v2\/media?parent=1910"}],"wp:term":[{"taxonomy":"category","embeddable":true,"href":"https:\/\/radioinsideweb.com.br\/site\/wp-json\/wp\/v2\/categories?post=1910"},{"taxonomy":"post_tag","embeddable":true,"href":"https:\/\/radioinsideweb.com.br\/site\/wp-json\/wp\/v2\/tags?post=1910"}],"curies":[{"name":"wp","href":"https:\/\/api.w.org\/{rel}","templated":true}]}}