{"id":1911,"date":"2024-08-02T10:29:16","date_gmt":"2024-08-02T13:29:16","guid":{"rendered":"https:\/\/radioinsideweb.com.br\/site\/pt-pcdob-e-pv-oficializam-candidatura-de-valdo-gomes-a-prefeitura-de-resende\/"},"modified":"2024-08-02T10:29:16","modified_gmt":"2024-08-02T13:29:16","slug":"pt-pcdob-e-pv-oficializam-candidatura-de-valdo-gomes-a-prefeitura-de-resende","status":"publish","type":"post","link":"https:\/\/radioinsideweb.com.br\/site\/pt-pcdob-e-pv-oficializam-candidatura-de-valdo-gomes-a-prefeitura-de-resende\/","title":{"rendered":"PT, PcdoB e PV oficializam candidatura de Valdo Gomes \u00e0 prefeitura de Resende"},"content":{"rendered":"<p>     Sandra Prado (PT) ser\u00e1 candidata a vice-prefeita na chapa liderada por Valdo, do mesmo partido. Conven\u00e7\u00e3o aconteceu no Comit\u00ea Eleitoral Federa\u00e7\u00e3o Brasil da Esperan\u00e7a. Valdo Duarte Gomes, pr\u00e9-candidato \u00e0 prefeitura de Resende pelo PT<br \/>\nReprodu\u00e7\u00e3o\/Arquivo pessoal<br \/>\nA federa\u00e7\u00e3o formada pelos partidos dos Trabalhadores (PT), Comunista do Brasil (PCdoB) e Verde (PV) oficializaram, na noite de quinta-feira (1\u00b0), a candidatura de Valdo Gomes \u00e0 prefeitura de Resende (RJ) nas elei\u00e7\u00f5es municipais de 2024.<br \/>\nSandra Prado (PT) ser\u00e1 candidata a vice-prefeita na chapa liderada por Valdo, do mesmo partido. A conven\u00e7\u00e3o aconteceu no Comit\u00ea Eleitoral Federa\u00e7\u00e3o Brasil da Esperan\u00e7a, no bairro Alvorada.<br \/>\nA coliga\u00e7\u00e3o &#8220;Resende de Toda Gente&#8221; \u00e9 formada por duas federa\u00e7\u00f5es: PT\/PcdoB\/PV e Rede Sustentabilidade-PSOL. Foram lan\u00e7ados 18 candidatos a vereador.<br \/>\nAs conven\u00e7\u00f5es fazem parte do calend\u00e1rio oficial da Justi\u00e7a Eleitoral e s\u00e3o um requisito necess\u00e1rio para as legendas e federa\u00e7\u00f5es que desejam lan\u00e7ar pol\u00edticos na disputa. O prazo termina no dia 5 de agosto.<br \/>\nTamb\u00e9m s\u00e3o uma condi\u00e7\u00e3o indispens\u00e1vel para que um candidato tenha seu registro na Justi\u00e7a Eleitoral validado, o que o torna apto a concorrer.<br \/>\nQuem \u00e9 Valdo?<br \/>\nValdo Duarte Gomes, conhecido como Valdo Gomes, tem 60 anos e nasceu em Penedo, quando a vila ainda era distrito de Resende. \u00c9 advogado especializado em direito trabalhista, defesa do consumidor e direito p\u00fablico. Ele \u00e9 casado e tem tr\u00eas filhos.<br \/>\nSiga o g1 no Instagram | Receba as not\u00edcias no WhatsApp<br \/>\nV\u00cdDEOS: as not\u00edcias que foram ao ar na TV Rio Sul<\/p>\n","protected":false},"excerpt":{"rendered":"<p>Sandra Prado (PT) ser\u00e1 candidata a vice-prefeita na chapa liderada por Valdo, do mesmo partido. Conven\u00e7\u00e3o aconteceu no Comit\u00ea Eleitoral Federa\u00e7\u00e3o Brasil da Esperan\u00e7a. Valdo Duarte Gomes, pr\u00e9-candidato \u00e0 prefeitura de Resende pelo PT Reprodu\u00e7\u00e3o\/Arquivo pessoal A federa\u00e7\u00e3o formada pelos partidos dos Trabalhadores (PT), Comunista do Brasil (PCdoB) e Verde (PV) oficializaram, na noite de &hellip;<\/p>\n<p class=\"read-more\"> <a class=\"\" href=\"https:\/\/radioinsideweb.com.br\/site\/pt-pcdob-e-pv-oficializam-candidatura-de-valdo-gomes-a-prefeitura-de-resende\/\"> <span class=\"screen-reader-text\">PT, PcdoB e PV oficializam candidatura de Valdo Gomes \u00e0 prefeitura de Resende<\/span> Leia mais &raquo;<\/a><\/p>\n","protected":false},"author":1,"featured_media":1912,"comment_status":"open","ping_status":"open","sticky":false,"template":"","format":"standard","meta":{"footnotes":""},"categories":[1],"tags":[],"class_list":["post-1911","post","type-post","status-publish","format-standard","has-post-thumbnail","hentry","category-uncategorized"],"_links":{"self":[{"href":"https:\/\/radioinsideweb.com.br\/site\/wp-json\/wp\/v2\/posts\/1911","targetHints":{"allow":["GET"]}}],"collection":[{"href":"https:\/\/radioinsideweb.com.br\/site\/wp-json\/wp\/v2\/posts"}],"about":[{"href":"https:\/\/radioinsideweb.com.br\/site\/wp-json\/wp\/v2\/types\/post"}],"author":[{"embeddable":true,"href":"https:\/\/radioinsideweb.com.br\/site\/wp-json\/wp\/v2\/users\/1"}],"replies":[{"embeddable":true,"href":"https:\/\/radioinsideweb.com.br\/site\/wp-json\/wp\/v2\/comments?post=1911"}],"version-history":[{"count":0,"href":"https:\/\/radioinsideweb.com.br\/site\/wp-json\/wp\/v2\/posts\/1911\/revisions"}],"wp:featuredmedia":[{"embeddable":true,"href":"https:\/\/radioinsideweb.com.br\/site\/wp-json\/wp\/v2\/media\/1912"}],"wp:attachment":[{"href":"https:\/\/radioinsideweb.com.br\/site\/wp-json\/wp\/v2\/media?parent=1911"}],"wp:term":[{"taxonomy":"category","embeddable":true,"href":"https:\/\/radioinsideweb.com.br\/site\/wp-json\/wp\/v2\/categories?post=1911"},{"taxonomy":"post_tag","embeddable":true,"href":"https:\/\/radioinsideweb.com.br\/site\/wp-json\/wp\/v2\/tags?post=1911"}],"curies":[{"name":"wp","href":"https:\/\/api.w.org\/{rel}","templated":true}]}}