{"id":1915,"date":"2024-08-02T10:26:31","date_gmt":"2024-08-02T13:26:31","guid":{"rendered":"https:\/\/radioinsideweb.com.br\/site\/avanco-de-preferencial-resulta-em-acidente-envolvendo-caminhonete-e-moto-em-santarem\/"},"modified":"2024-08-02T10:26:31","modified_gmt":"2024-08-02T13:26:31","slug":"avanco-de-preferencial-resulta-em-acidente-envolvendo-caminhonete-e-moto-em-santarem","status":"publish","type":"post","link":"https:\/\/radioinsideweb.com.br\/site\/avanco-de-preferencial-resulta-em-acidente-envolvendo-caminhonete-e-moto-em-santarem\/","title":{"rendered":"Avan\u00e7o de preferencial resulta em acidente envolvendo caminhonete e moto em Santar\u00e9m"},"content":{"rendered":"<p>     O acidente aconteceu na noite de quinta (1\u00ba) pr\u00f3ximo ao quartel do 3\u00ba BPM, no bairro Caranazal. O motociclista foi socorrido com suspeita de fratura nos dois bra\u00e7os. Acidente aconteceu na noite de quinta (1\u00ba) em Santar\u00e9m<br \/>\nRedes Sociais<br \/>\nA falta de aten\u00e7\u00e3o no tr\u00e2nsito continua sendo um dos principais causadores de acidentes de tr\u00e2nsito em Santar\u00e9m, no oeste do Par\u00e1. Na noite de quinta (1\u00ba) um avan\u00e7o de preferencial resultou em um acidente envolvendo uma caminhonete e uma moto.<br \/>\n\u2705 Siga o canal g1 Santar\u00e9m e Regi\u00e3o no WhatsApp<br \/>\nO acidente aconteceu pr\u00f3ximo ao quartel do 3\u00ba BPM no bairro Caranazal. De acordo com testemunhas, a caminhonete avan\u00e7ou a preferencial, com isso, o motociclista acabou batendo na traseira do carro.<br \/>\nCom o impacto da batida, o motociclista ficou bastante ferido. Militares do Corpo de Bombeiros fizeram o atendimento \u00e0 v\u00edtima que foi levada ao Pronto Socorro de Santar\u00e9m com suspeita de fratura nos dois bra\u00e7os.<br \/>\nAgentes de Tr\u00e2nsito da SMT estiveram no local para fazer o levantamento dos fatos relacionados ao acidente.<br \/>\nHouve uma confus\u00e3o envolvendo familiares dos dois envolvidos no acidente. Isso porque, o propriet\u00e1rio da caminhonete que provocou o acidente estaria mais preocupado com os dados materiais no ve\u00edculo do que com o estado de sa\u00fade do motociclista ferido.<br \/>\nV\u00cdDEOS: mais vistos do g1 Santar\u00e9m e regi\u00e3o<\/p>\n","protected":false},"excerpt":{"rendered":"<p>O acidente aconteceu na noite de quinta (1\u00ba) pr\u00f3ximo ao quartel do 3\u00ba BPM, no bairro Caranazal. O motociclista foi socorrido com suspeita de fratura nos dois bra\u00e7os. Acidente aconteceu na noite de quinta (1\u00ba) em Santar\u00e9m Redes Sociais A falta de aten\u00e7\u00e3o no tr\u00e2nsito continua sendo um dos principais causadores de acidentes de tr\u00e2nsito &hellip;<\/p>\n<p class=\"read-more\"> <a class=\"\" href=\"https:\/\/radioinsideweb.com.br\/site\/avanco-de-preferencial-resulta-em-acidente-envolvendo-caminhonete-e-moto-em-santarem\/\"> <span class=\"screen-reader-text\">Avan\u00e7o de preferencial resulta em acidente envolvendo caminhonete e moto em Santar\u00e9m<\/span> Leia mais &raquo;<\/a><\/p>\n","protected":false},"author":1,"featured_media":1916,"comment_status":"open","ping_status":"open","sticky":false,"template":"","format":"standard","meta":{"footnotes":""},"categories":[1],"tags":[],"class_list":["post-1915","post","type-post","status-publish","format-standard","has-post-thumbnail","hentry","category-uncategorized"],"_links":{"self":[{"href":"https:\/\/radioinsideweb.com.br\/site\/wp-json\/wp\/v2\/posts\/1915","targetHints":{"allow":["GET"]}}],"collection":[{"href":"https:\/\/radioinsideweb.com.br\/site\/wp-json\/wp\/v2\/posts"}],"about":[{"href":"https:\/\/radioinsideweb.com.br\/site\/wp-json\/wp\/v2\/types\/post"}],"author":[{"embeddable":true,"href":"https:\/\/radioinsideweb.com.br\/site\/wp-json\/wp\/v2\/users\/1"}],"replies":[{"embeddable":true,"href":"https:\/\/radioinsideweb.com.br\/site\/wp-json\/wp\/v2\/comments?post=1915"}],"version-history":[{"count":0,"href":"https:\/\/radioinsideweb.com.br\/site\/wp-json\/wp\/v2\/posts\/1915\/revisions"}],"wp:featuredmedia":[{"embeddable":true,"href":"https:\/\/radioinsideweb.com.br\/site\/wp-json\/wp\/v2\/media\/1916"}],"wp:attachment":[{"href":"https:\/\/radioinsideweb.com.br\/site\/wp-json\/wp\/v2\/media?parent=1915"}],"wp:term":[{"taxonomy":"category","embeddable":true,"href":"https:\/\/radioinsideweb.com.br\/site\/wp-json\/wp\/v2\/categories?post=1915"},{"taxonomy":"post_tag","embeddable":true,"href":"https:\/\/radioinsideweb.com.br\/site\/wp-json\/wp\/v2\/tags?post=1915"}],"curies":[{"name":"wp","href":"https:\/\/api.w.org\/{rel}","templated":true}]}}