{"id":1917,"date":"2018-07-23T11:40:50","date_gmt":"2018-07-23T14:40:50","guid":{"rendered":"https:\/\/radioinsideweb.com.br\/site\/planetario-do-rio-inscreve-para-um-dia-de-atividades-nas-ferias\/"},"modified":"2018-07-23T11:40:50","modified_gmt":"2018-07-23T14:40:50","slug":"planetario-do-rio-inscreve-para-um-dia-de-atividades-nas-ferias","status":"publish","type":"post","link":"https:\/\/radioinsideweb.com.br\/site\/planetario-do-rio-inscreve-para-um-dia-de-atividades-nas-ferias\/","title":{"rendered":"Planet\u00e1rio do Rio inscreve para um dia de atividades nas f\u00e9rias"},"content":{"rendered":"<p>     Crian\u00e7ada poder\u00e1 passear no Museu do Universo e assistir a sess\u00f5es de c\u00fapula. Basta entregar um quilo de alimento. Crian\u00e7as assistir\u00e3o a sess\u00f5es de c\u00fapula e visitar\u00e3o o Museu do Universo<br \/>\nReprodu\u00e7\u00e3o \/ TV Globo<br \/>\nQue tal passar &#8220;Um Dia de F\u00e9rias no Planet\u00e1rio&#8221;? Est\u00e3o abertas as inscri\u00e7\u00f5es para atividades gratuitas no espa\u00e7o, que fica na G\u00e1vea, na Zona Sul do Rio. S\u00e3o 5 mil vagas para crian\u00e7as de 6 a 12 anos.<br \/>\nOs participantes v\u00e3o assistir a sess\u00f5es nas c\u00fapulas Carl Sagan e Galileu Galilei; visitar o Museu do Universo e participar de experimento de lan\u00e7amento de foguete no anfiteatro. Ser\u00e3o servidos, ainda, lanches e almo\u00e7o para as crian\u00e7as. A programa\u00e7\u00e3o \u00e9 realizada pela Funda\u00e7\u00e3o Planet\u00e1rio, em parceria com o Sesc.<br \/>\nComo participar<br \/>\n\u00c9 necess\u00e1rio fazer a pr\u00e9-inscri\u00e7\u00e3o no site do Planet\u00e1rio<br \/>\nH\u00e1 vagas at\u00e9 o fim desta semana, dia 27<br \/>\nPara participar, cada pessoa dever\u00e1 entregar 1kg de alimento n\u00e3o perec\u00edvel; o respons\u00e1vel deve levar ainda um documento de identidade.<br \/>\nO dia de atividades vai das 9h \u00e0s 17h<br \/>\nO Planet\u00e1rio da Cidade fica na Rua Vice-Governador Rubens Berardo 100, na G\u00e1vea.<\/p>\n","protected":false},"excerpt":{"rendered":"<p>Crian\u00e7ada poder\u00e1 passear no Museu do Universo e assistir a sess\u00f5es de c\u00fapula. Basta entregar um quilo de alimento. Crian\u00e7as assistir\u00e3o a sess\u00f5es de c\u00fapula e visitar\u00e3o o Museu do Universo Reprodu\u00e7\u00e3o \/ TV Globo Que tal passar &#8220;Um Dia de F\u00e9rias no Planet\u00e1rio&#8221;? Est\u00e3o abertas as inscri\u00e7\u00f5es para atividades gratuitas no espa\u00e7o, que fica &hellip;<\/p>\n<p class=\"read-more\"> <a class=\"\" href=\"https:\/\/radioinsideweb.com.br\/site\/planetario-do-rio-inscreve-para-um-dia-de-atividades-nas-ferias\/\"> <span class=\"screen-reader-text\">Planet\u00e1rio do Rio inscreve para um dia de atividades nas f\u00e9rias<\/span> Leia mais &raquo;<\/a><\/p>\n","protected":false},"author":1,"featured_media":1918,"comment_status":"open","ping_status":"open","sticky":false,"template":"","format":"standard","meta":{"footnotes":""},"categories":[1],"tags":[],"class_list":["post-1917","post","type-post","status-publish","format-standard","has-post-thumbnail","hentry","category-uncategorized"],"_links":{"self":[{"href":"https:\/\/radioinsideweb.com.br\/site\/wp-json\/wp\/v2\/posts\/1917","targetHints":{"allow":["GET"]}}],"collection":[{"href":"https:\/\/radioinsideweb.com.br\/site\/wp-json\/wp\/v2\/posts"}],"about":[{"href":"https:\/\/radioinsideweb.com.br\/site\/wp-json\/wp\/v2\/types\/post"}],"author":[{"embeddable":true,"href":"https:\/\/radioinsideweb.com.br\/site\/wp-json\/wp\/v2\/users\/1"}],"replies":[{"embeddable":true,"href":"https:\/\/radioinsideweb.com.br\/site\/wp-json\/wp\/v2\/comments?post=1917"}],"version-history":[{"count":0,"href":"https:\/\/radioinsideweb.com.br\/site\/wp-json\/wp\/v2\/posts\/1917\/revisions"}],"wp:featuredmedia":[{"embeddable":true,"href":"https:\/\/radioinsideweb.com.br\/site\/wp-json\/wp\/v2\/media\/1918"}],"wp:attachment":[{"href":"https:\/\/radioinsideweb.com.br\/site\/wp-json\/wp\/v2\/media?parent=1917"}],"wp:term":[{"taxonomy":"category","embeddable":true,"href":"https:\/\/radioinsideweb.com.br\/site\/wp-json\/wp\/v2\/categories?post=1917"},{"taxonomy":"post_tag","embeddable":true,"href":"https:\/\/radioinsideweb.com.br\/site\/wp-json\/wp\/v2\/tags?post=1917"}],"curies":[{"name":"wp","href":"https:\/\/api.w.org\/{rel}","templated":true}]}}