{"id":1921,"date":"2018-07-23T06:00:54","date_gmt":"2018-07-23T09:00:54","guid":{"rendered":"https:\/\/radioinsideweb.com.br\/site\/adriane-galisteu-estreia-como-vila-em-o-tempo-nao-para-e-diz-estar-preparada-para-criticas-nao-vou-agradar-a-todos\/"},"modified":"2018-07-23T06:00:54","modified_gmt":"2018-07-23T09:00:54","slug":"adriane-galisteu-estreia-como-vila-em-o-tempo-nao-para-e-diz-estar-preparada-para-criticas-nao-vou-agradar-a-todos","status":"publish","type":"post","link":"https:\/\/radioinsideweb.com.br\/site\/adriane-galisteu-estreia-como-vila-em-o-tempo-nao-para-e-diz-estar-preparada-para-criticas-nao-vou-agradar-a-todos\/","title":{"rendered":"Adriane Galisteu estreia como vil\u00e3 em &#8216;O Tempo N\u00e3o Para&#8217; e diz estar preparada para cr\u00edticas: &#8216;N\u00e3o vou agradar a todos&#8217;"},"content":{"rendered":"<p>     Atriz viver\u00e1 a estilista Zelda Larocque em sua primeira novela na TV Globo. Adriane Galisteu \u00e9 a Zelda de &#8216;O tempo n\u00e3o para&#8217;<br \/>\nGlobo\/Jo\u00e3o Miguel J\u00fanior<br \/>\n\u00c9 na pele da vil\u00e3 Zelda Larocque, de &#8220;O tempo n\u00e3o para&#8221;, pr\u00f3xima novela das 19h, que Adriane Galisteu vai fazer a sua estreia em uma novela da Globo.<br \/>\nNa carreira, \u00e9 a segunda vez que ela faz teledramaturgia. Mas, para a atriz, o desafio \u00e9 ainda maior e ela acredita que receber\u00e1 muitas cr\u00edticas:<br \/>\n&#8220;Depois de tanto tempo de carreira n\u00e3o ligo. Sei que as cr\u00edticas vir\u00e3o, eu n\u00e3o tenho a menor d\u00favida, ainda mais com as redes sociais&#8221;.<br \/>\n&#8220;Mas estou tranquila at\u00e9 porque sei que n\u00e3o vou agradar a todos. Minha inten\u00e7\u00e3o \u00e9 fazer o meu trabalho bem feito&#8221;, comentou.<br \/>\nComo toda boa ariana, Galisteu confessa que est\u00e1 ansiosa para o papel, mas que n\u00e3o quer criar muitas expectativas no p\u00fablico.<br \/>\n&#8220;Digo para o povo: vamos devagar com o andor. Sou ariana, muito ansiosa, uma mulher que \u00e0s vezes fala demais, d\u00e1 um passo maior que a perna, mas eu estou devagar porque essa \u00e9 a minha primeira experi\u00eancia em novela na Globo. Estou indo bem tranquilinha pra fazer o meu melhor, estou seguindo exatamente o que o diretor pede, o que o autor quer&#8221;.<br \/>\nEla vai interpretar a melhor amiga de Betina (Cleo) e Maria Carla (Regiane Alves), formando um trio que vai movimentar a trama. &#8220;Meu personagem n\u00e3o \u00e9 o principal, mas ele tem vida e eu estou emprestando minha alma pra ele, estou feliz da vida com o que eu tenho&#8221;, avalia.<br \/>\nAdriane Galisteu no lan\u00e7amento da novela &#8216;O tempo n\u00e3o para&#8217;<br \/>\nGlobo\/Cesar Alves<br \/>\nGalisteu, que \u00e9 casada com o empres\u00e1rio de moda Alexandre I\u00f3dice, diz estar \u00e0 vontade para interpretar uma estilista.<br \/>\n&#8220;Descobri que n\u00e3o ser estilista n\u00e3o \u00e9 s\u00f3 desenho e poesia, \u00e9 muita rala\u00e7\u00e3o tamb\u00e9m. Sou apaixonada por moda, mas n\u00e3o sou escrava dela. As pessoas hoje em dia acham que t\u00eam que ter grana para estar na moda, mas isso \u00e9 um erro. Gra\u00e7as a Deus vivemos um momento muito democr\u00e1tico, n\u00e3o tem mais aquela ditadura do que est\u00e1 ou n\u00e3o na moda. Voc\u00ea coloca o que quer&#8221;.<br \/>\n&#8216;Acham que sou youtuber&#8217;<br \/>\nGalisteu acha gra\u00e7a quando diz que muitas gera\u00e7\u00f5es n\u00e3o conhecem a sua hist\u00f3ria e que, muitas vezes, precisa se apresentar e falar de sua carreira. Ela tem um canal no YouTube, atua em uma r\u00e1dio e agora vai estrear na novela das 19h.<br \/>\n&#8220;Se voc\u00ea quer resultados novos, voc\u00ea precisa fazer coisas novas. Ent\u00e3o me coloquei disposta e aberta para o novo. No meu canal do YouTube eu tive que me apresentar, tem uma gera\u00e7\u00e3o que n\u00e3o me conhece. Os amiguinhos do meu filho acham que eu sou youtuber. Hoje, eu estou na r\u00e1dio, nas redes, n\u00e3o tenho vergonha de trabalho nem tenho medo do n\u00e3o&#8221;, declara.<\/p>\n","protected":false},"excerpt":{"rendered":"<p>Atriz viver\u00e1 a estilista Zelda Larocque em sua primeira novela na TV Globo. Adriane Galisteu \u00e9 a Zelda de &#8216;O tempo n\u00e3o para&#8217; Globo\/Jo\u00e3o Miguel J\u00fanior \u00c9 na pele da vil\u00e3 Zelda Larocque, de &#8220;O tempo n\u00e3o para&#8221;, pr\u00f3xima novela das 19h, que Adriane Galisteu vai fazer a sua estreia em uma novela da Globo. &hellip;<\/p>\n<p class=\"read-more\"> <a class=\"\" href=\"https:\/\/radioinsideweb.com.br\/site\/adriane-galisteu-estreia-como-vila-em-o-tempo-nao-para-e-diz-estar-preparada-para-criticas-nao-vou-agradar-a-todos\/\"> <span class=\"screen-reader-text\">Adriane Galisteu estreia como vil\u00e3 em &#8216;O Tempo N\u00e3o Para&#8217; e diz estar preparada para cr\u00edticas: &#8216;N\u00e3o vou agradar a todos&#8217;<\/span> Leia mais &raquo;<\/a><\/p>\n","protected":false},"author":1,"featured_media":1922,"comment_status":"open","ping_status":"open","sticky":false,"template":"","format":"standard","meta":{"footnotes":""},"categories":[1],"tags":[],"class_list":["post-1921","post","type-post","status-publish","format-standard","has-post-thumbnail","hentry","category-uncategorized"],"_links":{"self":[{"href":"https:\/\/radioinsideweb.com.br\/site\/wp-json\/wp\/v2\/posts\/1921","targetHints":{"allow":["GET"]}}],"collection":[{"href":"https:\/\/radioinsideweb.com.br\/site\/wp-json\/wp\/v2\/posts"}],"about":[{"href":"https:\/\/radioinsideweb.com.br\/site\/wp-json\/wp\/v2\/types\/post"}],"author":[{"embeddable":true,"href":"https:\/\/radioinsideweb.com.br\/site\/wp-json\/wp\/v2\/users\/1"}],"replies":[{"embeddable":true,"href":"https:\/\/radioinsideweb.com.br\/site\/wp-json\/wp\/v2\/comments?post=1921"}],"version-history":[{"count":0,"href":"https:\/\/radioinsideweb.com.br\/site\/wp-json\/wp\/v2\/posts\/1921\/revisions"}],"wp:featuredmedia":[{"embeddable":true,"href":"https:\/\/radioinsideweb.com.br\/site\/wp-json\/wp\/v2\/media\/1922"}],"wp:attachment":[{"href":"https:\/\/radioinsideweb.com.br\/site\/wp-json\/wp\/v2\/media?parent=1921"}],"wp:term":[{"taxonomy":"category","embeddable":true,"href":"https:\/\/radioinsideweb.com.br\/site\/wp-json\/wp\/v2\/categories?post=1921"},{"taxonomy":"post_tag","embeddable":true,"href":"https:\/\/radioinsideweb.com.br\/site\/wp-json\/wp\/v2\/tags?post=1921"}],"curies":[{"name":"wp","href":"https:\/\/api.w.org\/{rel}","templated":true}]}}