{"id":1923,"date":"2018-07-21T20:03:20","date_gmt":"2018-07-21T23:03:20","guid":{"rendered":"https:\/\/radioinsideweb.com.br\/site\/maioria-do-armamento-apreendido-em-ms-seria-levado-para-o-rj-diz-prf\/"},"modified":"2018-07-21T20:03:20","modified_gmt":"2018-07-21T23:03:20","slug":"maioria-do-armamento-apreendido-em-ms-seria-levado-para-o-rj-diz-prf","status":"publish","type":"post","link":"https:\/\/radioinsideweb.com.br\/site\/maioria-do-armamento-apreendido-em-ms-seria-levado-para-o-rj-diz-prf\/","title":{"rendered":"Maioria do armamento apreendido em MS seria levado para o RJ, diz PRF"},"content":{"rendered":"<p>     Inspetor afirma que 90% do armamento apreendido em Mato Grosso do Sul tinha como destino o estado carioca. Aumenta apreens\u00e3o de armas em Mato Grosso do Sul<br \/>\nA maioria das armas e muni\u00e7\u00f5es apreendidas em rodovias de Mato Grosso do Sul tinham como destino o Rio de Janeiro. \u00c9 o que afirma a Pol\u00edcia Rodovi\u00e1ria Federal (PRF) no estado que fica na regi\u00e3o de fronteira com o Paraguai e com a Bol\u00edvia.<br \/>\n&#8220;Todas as apreens\u00f5es que temos feito de armamento seguiriam para S\u00e3o Paulo, Rio de Janeiro ou Minas Gerais; mas 90% para o Rio de Janeiro&#8221;, fala o inspetor Waldir Brasil.<br \/>\nA PRF explica ainda que aumentou a quantidade de armas e muni\u00e7\u00f5es apreendidas no estado em 2018 em rela\u00e7\u00e3o no mesmo per\u00edodo de 2017.<br \/>\nEnquanto este ano j\u00e1 foram 92 armas, ano passado tinham sido 83. Em rela\u00e7\u00e3o \u00e0s muni\u00e7\u00f5es, 21.467 neste ano e 16.797 em 2018.<br \/>\nAl\u00e9m da quantidade, o que chama aten\u00e7\u00e3o dos  policiais \u00e9 o tipo de armamento apreendido: muitas das armas e muni\u00e7\u00f5es s\u00e3o de uso exclusivo das for\u00e7as de seguran\u00e7a.<br \/>\nEntre as armas apreendidas em 2018 est\u00e1 uma metralhadora ponto 50, com capacidade para derrubar avi\u00e3o, retirada de circula\u00e7\u00e3o em Tr\u00eas Lagoas, em junho.<br \/>\nA pol\u00edcia suspeita que os traficantes de armas tenha mudado a rota de envio e passado usar mais a fronteira seca por Mato Grosso do Sul. Muitas apreens\u00f5es s\u00e3o resultados de trabalho conjunto da PRF com a Pol\u00edcia Federal.<br \/>\nMetralhadora, fuzil e outras armas apreendidas em MS<br \/>\nPRF\/Divulga\u00e7\u00e3o<\/p>\n","protected":false},"excerpt":{"rendered":"<p>Inspetor afirma que 90% do armamento apreendido em Mato Grosso do Sul tinha como destino o estado carioca. Aumenta apreens\u00e3o de armas em Mato Grosso do Sul A maioria das armas e muni\u00e7\u00f5es apreendidas em rodovias de Mato Grosso do Sul tinham como destino o Rio de Janeiro. \u00c9 o que afirma a Pol\u00edcia Rodovi\u00e1ria &hellip;<\/p>\n<p class=\"read-more\"> <a class=\"\" href=\"https:\/\/radioinsideweb.com.br\/site\/maioria-do-armamento-apreendido-em-ms-seria-levado-para-o-rj-diz-prf\/\"> <span class=\"screen-reader-text\">Maioria do armamento apreendido em MS seria levado para o RJ, diz PRF<\/span> Leia mais &raquo;<\/a><\/p>\n","protected":false},"author":1,"featured_media":1924,"comment_status":"open","ping_status":"open","sticky":false,"template":"","format":"standard","meta":{"footnotes":""},"categories":[1],"tags":[],"class_list":["post-1923","post","type-post","status-publish","format-standard","has-post-thumbnail","hentry","category-uncategorized"],"_links":{"self":[{"href":"https:\/\/radioinsideweb.com.br\/site\/wp-json\/wp\/v2\/posts\/1923","targetHints":{"allow":["GET"]}}],"collection":[{"href":"https:\/\/radioinsideweb.com.br\/site\/wp-json\/wp\/v2\/posts"}],"about":[{"href":"https:\/\/radioinsideweb.com.br\/site\/wp-json\/wp\/v2\/types\/post"}],"author":[{"embeddable":true,"href":"https:\/\/radioinsideweb.com.br\/site\/wp-json\/wp\/v2\/users\/1"}],"replies":[{"embeddable":true,"href":"https:\/\/radioinsideweb.com.br\/site\/wp-json\/wp\/v2\/comments?post=1923"}],"version-history":[{"count":0,"href":"https:\/\/radioinsideweb.com.br\/site\/wp-json\/wp\/v2\/posts\/1923\/revisions"}],"wp:featuredmedia":[{"embeddable":true,"href":"https:\/\/radioinsideweb.com.br\/site\/wp-json\/wp\/v2\/media\/1924"}],"wp:attachment":[{"href":"https:\/\/radioinsideweb.com.br\/site\/wp-json\/wp\/v2\/media?parent=1923"}],"wp:term":[{"taxonomy":"category","embeddable":true,"href":"https:\/\/radioinsideweb.com.br\/site\/wp-json\/wp\/v2\/categories?post=1923"},{"taxonomy":"post_tag","embeddable":true,"href":"https:\/\/radioinsideweb.com.br\/site\/wp-json\/wp\/v2\/tags?post=1923"}],"curies":[{"name":"wp","href":"https:\/\/api.w.org\/{rel}","templated":true}]}}