{"id":1925,"date":"2018-07-21T18:53:34","date_gmt":"2018-07-21T21:53:34","guid":{"rendered":"https:\/\/radioinsideweb.com.br\/site\/helio-eichbauer-cenografo-que-marcou-teatro-musica-e-cinema-no-brasil-morre-aos-76-anos-no-rio\/"},"modified":"2018-07-21T18:53:34","modified_gmt":"2018-07-21T21:53:34","slug":"helio-eichbauer-cenografo-que-marcou-teatro-musica-e-cinema-no-brasil-morre-aos-76-anos-no-rio","status":"publish","type":"post","link":"https:\/\/radioinsideweb.com.br\/site\/helio-eichbauer-cenografo-que-marcou-teatro-musica-e-cinema-no-brasil-morre-aos-76-anos-no-rio\/","title":{"rendered":"Helio Eichbauer: cen\u00f3grafo que marcou teatro, m\u00fasica e cinema no Brasil morre aos 76 anos no Rio"},"content":{"rendered":"<p>     Ele fez cenografia de &#8216;O Rei da Vela&#8217;, em 1967, e trabalhou com Caetano Veloso, Chico Buarque, Glauber Rocha e outros. Vel\u00f3rio acontece neste domingo (22) no Rio.  Morre no Rio, aos 76 anos, o cen\u00f3grafo H\u00e9lio Eichbauer<br \/>\nHelio Eichbauer, cen\u00f3grafo que marcou o teatro, a m\u00fasica e o cinema no Brasil, morreu aos 76 anos, nesta sexta-feira (20). Ele sofreu um infarto em sua casa, no Rio.<br \/>\nO vel\u00f3rio vai acontecer no domingo (22), na Capela 8 do Memorial do Carmo, no Rio, de 10h \u00e0s 16h.<br \/>\nMauro Ferreira: Helio Eichbauer deixa marca modernista na m\u00fasica do Brasil ao sair de cena<br \/>\nUm dos trabalhos mais marcantes foi na pe\u00e7a &#8220;O rei da vela&#8221;, em 1967, do Teatro Oficina, dirigido por Jos\u00e9 Celso Martinez Corr\u00eaa, com texto de Oswald de Andrade.<br \/>\n&#8220;O rei da vela&#8221; renovou o teatro brasileiro e influenciou tamb\u00e9m a gera\u00e7\u00e3o da arte e da m\u00fasica Tropicalista que se formava na \u00e9poca.<br \/>\nHelio Eichbauer reconstruiu os cen\u00e1rios da pe\u00e7a modernista quando ela foi remontada 50 anos depois, em 2017.<br \/>\nEle trabalhou com diversos m\u00fasicos brasileiros, em especial Caetano Veloso e Chico Buarque &#8211; os cen\u00e1rios das turn\u00eas atuais de ambos os cantores, por exemplo, s\u00e3o de Helio Eichbauer.<br \/>\nH\u00e9lio Eichbauer em sua exposi\u00e7\u00e3o no Centro Cultural dos Correios, no centro do Rio de Janeiro, em 2006, para comemorar seus 40 anos de carreira. Ele posa com um fundo que foi do show &#8220;O Estrangeiro&#8221;, de Caetano Veloso, nos anos 80, baseado no cen\u00e1rio que ele havia feito para a pe\u00e7a &#8220;O Rei da Vela&#8221;, nos anos 60.<br \/>\nAlaor Filho \/ Estad\u00e3o Conte\u00fado<br \/>\nCaetano Veloso falou sobre Helio Eichbauer em v\u00eddeo enviado \u00e0 GloboNews (veja acima): &#8220;O Helio, para n\u00f3s, \u00e9 uma coisa incr\u00edvel. Tem sido para mim desde 1967, quando eu vi &#8216;O rei da vela'&#8221;.<br \/>\n&#8220;Ele tinha estudado com Svoboda [cen\u00f3grafo tcheco], voltou, trabalhou com o Z\u00e9 Celso [Martinez Corr\u00eaa] e fez aquela imagem inesquec\u00edvel, que \u00e9 a mais forte do tropicalismo&#8221;, define Caetano.<br \/>\n&#8220;Depois nos anos 80 fizemos muitas colabora\u00e7\u00f5es&#8221;, ele lembra. &#8220;O Helio \u00e9 um dos maiores artistas que eu conhe\u00e7o e uma das pessoas que eu mais amo na minha vida.&#8221;<br \/>\nCapa do \u00e1lbum &#8216;Estrangeiro&#8217; (1989), de Caetano Veloso<br \/>\nArte de Helio Eichabuer<br \/>\nNascido no Rio em 1941, Helio estudou e trabalhou pelo mundo antes de voltar para deixar sua marca na arte brasileira. No in\u00edcio dos anos 60, morou em Praga, na atual Rep\u00fablica Tcheca, onde foi orientado por Josef Svodoba, refer\u00eancia da cenografia mundial.<br \/>\nDepois, ele estagiou na Berliner Ensemble e na \u00d3pera de Berlim, e fez outros trabalhos na Fran\u00e7a e na It\u00e1lia e em Cuba.<br \/>\nAl\u00e9m do Teatro Oficina, ele fez cen\u00e1rios de teatro do Grupo Opini\u00e3o e outras montagens marcantes como &#8220;Os Veranistas&#8221;, do diretor Sergio Britto, em 1978 e &#8220;Calabar&#8221; (1980), de Chico Buarque e Ruy Guerra.<br \/>\nEle tamb\u00e9m teve trabalho importante no cinema, em filmes como &#8220;Drag\u00e3o da Maldade contra o Santo Gerreiro&#8221;, de Glauber Rocha.<br \/>\nEntre os outros filmes em que ele trabalhou  est\u00e3o &#8220;Tudo Bem&#8221;, de Arnaldo Jabor, &#8220;O Homem do Pau-Brasil&#8221;, de Joaquim Pedro de Andrade, &#8220;Gabriela&#8221;, de Bruno Barreto e &#8220;Kuarup&#8221;, de Ruy Guerra.<br \/>\nNa m\u00fasica, al\u00e9m de Chico e Caetano, ele colaborou com artistas como Gal Costa e Marisa Monte.<br \/>\nHelio era professor da Escola de Belas Artes da Universidade Federal do Rio de Janeiro (UFRJ).<br \/>\nCaetano Veloso no show de &#8216;Ofert\u00f3rio&#8217; em Manaus, com cen\u00e1rio de Helio Eichbauer<br \/>\nJamile Alves\/G1<\/p>\n","protected":false},"excerpt":{"rendered":"<p>Ele fez cenografia de &#8216;O Rei da Vela&#8217;, em 1967, e trabalhou com Caetano Veloso, Chico Buarque, Glauber Rocha e outros. Vel\u00f3rio acontece neste domingo (22) no Rio. Morre no Rio, aos 76 anos, o cen\u00f3grafo H\u00e9lio Eichbauer Helio Eichbauer, cen\u00f3grafo que marcou o teatro, a m\u00fasica e o cinema no Brasil, morreu aos 76 &hellip;<\/p>\n<p class=\"read-more\"> <a class=\"\" href=\"https:\/\/radioinsideweb.com.br\/site\/helio-eichbauer-cenografo-que-marcou-teatro-musica-e-cinema-no-brasil-morre-aos-76-anos-no-rio\/\"> <span class=\"screen-reader-text\">Helio Eichbauer: cen\u00f3grafo que marcou teatro, m\u00fasica e cinema no Brasil morre aos 76 anos no Rio<\/span> Leia mais &raquo;<\/a><\/p>\n","protected":false},"author":1,"featured_media":1926,"comment_status":"open","ping_status":"open","sticky":false,"template":"","format":"standard","meta":{"footnotes":""},"categories":[1],"tags":[],"class_list":["post-1925","post","type-post","status-publish","format-standard","has-post-thumbnail","hentry","category-uncategorized"],"_links":{"self":[{"href":"https:\/\/radioinsideweb.com.br\/site\/wp-json\/wp\/v2\/posts\/1925","targetHints":{"allow":["GET"]}}],"collection":[{"href":"https:\/\/radioinsideweb.com.br\/site\/wp-json\/wp\/v2\/posts"}],"about":[{"href":"https:\/\/radioinsideweb.com.br\/site\/wp-json\/wp\/v2\/types\/post"}],"author":[{"embeddable":true,"href":"https:\/\/radioinsideweb.com.br\/site\/wp-json\/wp\/v2\/users\/1"}],"replies":[{"embeddable":true,"href":"https:\/\/radioinsideweb.com.br\/site\/wp-json\/wp\/v2\/comments?post=1925"}],"version-history":[{"count":0,"href":"https:\/\/radioinsideweb.com.br\/site\/wp-json\/wp\/v2\/posts\/1925\/revisions"}],"wp:featuredmedia":[{"embeddable":true,"href":"https:\/\/radioinsideweb.com.br\/site\/wp-json\/wp\/v2\/media\/1926"}],"wp:attachment":[{"href":"https:\/\/radioinsideweb.com.br\/site\/wp-json\/wp\/v2\/media?parent=1925"}],"wp:term":[{"taxonomy":"category","embeddable":true,"href":"https:\/\/radioinsideweb.com.br\/site\/wp-json\/wp\/v2\/categories?post=1925"},{"taxonomy":"post_tag","embeddable":true,"href":"https:\/\/radioinsideweb.com.br\/site\/wp-json\/wp\/v2\/tags?post=1925"}],"curies":[{"name":"wp","href":"https:\/\/api.w.org\/{rel}","templated":true}]}}