{"id":1928,"date":"2018-07-20T18:23:41","date_gmt":"2018-07-20T21:23:41","guid":{"rendered":"https:\/\/radioinsideweb.com.br\/site\/acidente-deixa-transito-lento-na-via-dutra-em-pirai-rj\/"},"modified":"2018-07-20T18:23:41","modified_gmt":"2018-07-20T21:23:41","slug":"acidente-deixa-transito-lento-na-via-dutra-em-pirai-rj","status":"publish","type":"post","link":"https:\/\/radioinsideweb.com.br\/site\/acidente-deixa-transito-lento-na-via-dutra-em-pirai-rj\/","title":{"rendered":"Acidente deixa tr\u00e2nsito lento na Via Dutra em Pira\u00ed, RJ"},"content":{"rendered":"<p>Batida entre caminh\u00f5es aconteceu na altura do km 239, no sentido Rio de Janeiro. Um acidente envolvendo dois caminh\u00f5es deixou o tr\u00e2nsito lento na tarde desta sexta-feira (20) na via Dutra, em Pira\u00ed, RJ. De acordo com as primeiras informa\u00e7\u00f5es da Nova Dutra \u2014 concession\u00e1ria que administra a rodovia \u2014 o acidente aconteceu na altura do km 239, no sentido Rio de Janeiro.<br \/>\nAinda de acordo com a concession\u00e1ria, as v\u00edtimas foram atendidas no local e liberadas. Por volta das 17h44, o congestionamento chegava a 1 km no trecho.<\/p>\n","protected":false},"excerpt":{"rendered":"<p>Batida entre caminh\u00f5es aconteceu na altura do km 239, no sentido Rio de Janeiro. Um acidente envolvendo dois caminh\u00f5es deixou o tr\u00e2nsito lento na tarde desta sexta-feira (20) na via Dutra, em Pira\u00ed, RJ. De acordo com as primeiras informa\u00e7\u00f5es da Nova Dutra \u2014 concession\u00e1ria que administra a rodovia \u2014 o acidente aconteceu na altura &hellip;<\/p>\n<p class=\"read-more\"> <a class=\"\" href=\"https:\/\/radioinsideweb.com.br\/site\/acidente-deixa-transito-lento-na-via-dutra-em-pirai-rj\/\"> <span class=\"screen-reader-text\">Acidente deixa tr\u00e2nsito lento na Via Dutra em Pira\u00ed, RJ<\/span> Leia mais &raquo;<\/a><\/p>\n","protected":false},"author":1,"featured_media":1765,"comment_status":"open","ping_status":"open","sticky":false,"template":"","format":"standard","meta":{"footnotes":""},"categories":[1],"tags":[],"class_list":["post-1928","post","type-post","status-publish","format-standard","has-post-thumbnail","hentry","category-uncategorized"],"_links":{"self":[{"href":"https:\/\/radioinsideweb.com.br\/site\/wp-json\/wp\/v2\/posts\/1928","targetHints":{"allow":["GET"]}}],"collection":[{"href":"https:\/\/radioinsideweb.com.br\/site\/wp-json\/wp\/v2\/posts"}],"about":[{"href":"https:\/\/radioinsideweb.com.br\/site\/wp-json\/wp\/v2\/types\/post"}],"author":[{"embeddable":true,"href":"https:\/\/radioinsideweb.com.br\/site\/wp-json\/wp\/v2\/users\/1"}],"replies":[{"embeddable":true,"href":"https:\/\/radioinsideweb.com.br\/site\/wp-json\/wp\/v2\/comments?post=1928"}],"version-history":[{"count":0,"href":"https:\/\/radioinsideweb.com.br\/site\/wp-json\/wp\/v2\/posts\/1928\/revisions"}],"wp:featuredmedia":[{"embeddable":true,"href":"https:\/\/radioinsideweb.com.br\/site\/wp-json\/wp\/v2\/media\/1765"}],"wp:attachment":[{"href":"https:\/\/radioinsideweb.com.br\/site\/wp-json\/wp\/v2\/media?parent=1928"}],"wp:term":[{"taxonomy":"category","embeddable":true,"href":"https:\/\/radioinsideweb.com.br\/site\/wp-json\/wp\/v2\/categories?post=1928"},{"taxonomy":"post_tag","embeddable":true,"href":"https:\/\/radioinsideweb.com.br\/site\/wp-json\/wp\/v2\/tags?post=1928"}],"curies":[{"name":"wp","href":"https:\/\/api.w.org\/{rel}","templated":true}]}}