{"id":1929,"date":"2018-07-19T12:50:09","date_gmt":"2018-07-19T15:50:09","guid":{"rendered":"https:\/\/radioinsideweb.com.br\/site\/crm-cassa-registro-profissional-do-dr-bumbum-no-df\/"},"modified":"2018-07-19T12:50:09","modified_gmt":"2018-07-19T15:50:09","slug":"crm-cassa-registro-profissional-do-dr-bumbum-no-df","status":"publish","type":"post","link":"https:\/\/radioinsideweb.com.br\/site\/crm-cassa-registro-profissional-do-dr-bumbum-no-df\/","title":{"rendered":"CRM cassa registro profissional do Dr. Bumbum no DF"},"content":{"rendered":"<p>     Decis\u00e3o ser\u00e1 submetida ao Conselho Federal de Medicina. M\u00e9dico foi preso nesta quinta-feira, no Rio. Denis Furtado, conhecido como Dr. Bumbum, teve registro profissional cassado em Bras\u00edlia<br \/>\nInstagram\/Reprodu\u00e7\u00e3o<br \/>\nO Conselho Regional de Medicina do Distrito Federal (CRM-DF) cassou, na manh\u00e3 desta quinta-feira (19), o registro do m\u00e9dico Denis Cesar Barros Furtado, o Dr. Bumbum. Cabe recurso.<br \/>\nA decis\u00e3o ser\u00e1 submetida ao Conselho Federal de Medicina (CFM). &#8220;Est\u00e3o sendo cumpridos os prazos e as etapas administrativas previstas na legisla\u00e7\u00e3o competente&#8221;, informou o CRM-DF, por meio de nota.<br \/>\nO m\u00e9dico foi preso nesta quinta, ao ser encontrado por policiais militares em um Centro Empresarial na Barra da Tijuca, Zona Oeste do Rio. Ele passou quatro dias foragido.<br \/>\nDr. Bumbum \u00e9 acusado de ter provocado a morte da banc\u00e1ria Lilian Calixto, de 46 anos, ap\u00f3s um procedimento est\u00e9tico na cobertura de um apartamento na Barra da Tijuca, no Rio de Janeiro.<br \/>\nNesta quarta-feira (18), a advogada Naiara Baldanza afirmou que o profissional &#8220;sofre de s\u00edndrome do p\u00e2nico&#8221; e &#8220;vai tratar com a pol\u00edcia a data e o hor\u00e1rio que ele se entregar\u00e1&#8221;.<br \/>\nDr. Bumbum tem 645 mil seguidores em rede social<br \/>\nInstagram\/Reprodu\u00e7\u00e3o<br \/>\nSem especializa\u00e7\u00e3o<br \/>\nPara atuar como cirurgi\u00e3o pl\u00e1stico \u2013 como fazia o Dr. Bumbum \u2013, a resid\u00eancia \u00e9 obrigat\u00f3ria. S\u00e3o dois anos trabalhando como cirurgi\u00e3o geral e mais tr\u00eas anos fazendo apenas pl\u00e1stica.<br \/>\nSegundo a Sociedade Brasileira de Cirurgia Pl\u00e1stica (SBCP), Dr. Bumbum n\u00e3o \u00e9 especialista e realizava os procedimentos em local inadequado, como o que supostamente matou Lilian Calixto.<br \/>\nUm ex-chefe de Furtado afirmou ao G1 que, apesar de se identificar como cirurgi\u00e3o pl\u00e1stico, ele se recusava a fazer resid\u00eancia ou qualquer outra especializa\u00e7\u00e3o para exercer a medicina.<br \/>\nBanc\u00e1ria Lilian Calixto morreu ap\u00f3s procedimento est\u00e9tico no Rio<br \/>\nFacebook\/Reprodu\u00e7\u00e3o<br \/>\nHist\u00f3rico conturbado<br \/>\nO m\u00e9dico \u00e9 alvo de um inqu\u00e9rito da Pol\u00edcia Civil, motivado por pelo menos seis den\u00fancias. At\u00e9 esta quarta-feira (18), o Minist\u00e9rio P\u00fablico informava que n\u00e3o tinha conhecimento de den\u00fancia contra o m\u00e9dico \u00e0 Justi\u00e7a.<br \/>\nNo entanto, o \u00f3rg\u00e3o disse que existe a possibilidade de ele j\u00e1 estar respondendo judicialmente em algum processo que esteja correndo em sigilo.<br \/>\nSaiba como contratar uma pl\u00e1stica com seguran\u00e7a<br \/>\nNo Distrito Federal, Dr. Bumbum trabalhou em ao menos tr\u00eas lugares. Uma cl\u00ednica mantida no Lago Sul, \u00e1rea nobre de Bras\u00edlia, foi considerada clandestina pela Pol\u00edcia Civil. Segundo pacientes, ele tamb\u00e9m atendia em uma cl\u00ednica na Asa Norte.<br \/>\nAl\u00e9m disso, ele trabalhou no Hospital das For\u00e7as Armadas (HFA), onde exercia a fun\u00e7\u00e3o de oficial m\u00e9dico tempor\u00e1rio. Durante o per\u00edodo, o HFA n\u00e3o abriu nenhum procedimento administrativo ou sindic\u00e2ncia contra ele.<br \/>\nLeia mais not\u00edcias sobre a regi\u00e3o no G1 DF.<br \/>\nInitial plugin text<\/p>\n","protected":false},"excerpt":{"rendered":"<p>Decis\u00e3o ser\u00e1 submetida ao Conselho Federal de Medicina. M\u00e9dico foi preso nesta quinta-feira, no Rio. Denis Furtado, conhecido como Dr. Bumbum, teve registro profissional cassado em Bras\u00edlia Instagram\/Reprodu\u00e7\u00e3o O Conselho Regional de Medicina do Distrito Federal (CRM-DF) cassou, na manh\u00e3 desta quinta-feira (19), o registro do m\u00e9dico Denis Cesar Barros Furtado, o Dr. Bumbum. Cabe &hellip;<\/p>\n<p class=\"read-more\"> <a class=\"\" href=\"https:\/\/radioinsideweb.com.br\/site\/crm-cassa-registro-profissional-do-dr-bumbum-no-df\/\"> <span class=\"screen-reader-text\">CRM cassa registro profissional do Dr. Bumbum no DF<\/span> Leia mais &raquo;<\/a><\/p>\n","protected":false},"author":1,"featured_media":1930,"comment_status":"open","ping_status":"open","sticky":false,"template":"","format":"standard","meta":{"footnotes":""},"categories":[1],"tags":[],"class_list":["post-1929","post","type-post","status-publish","format-standard","has-post-thumbnail","hentry","category-uncategorized"],"_links":{"self":[{"href":"https:\/\/radioinsideweb.com.br\/site\/wp-json\/wp\/v2\/posts\/1929","targetHints":{"allow":["GET"]}}],"collection":[{"href":"https:\/\/radioinsideweb.com.br\/site\/wp-json\/wp\/v2\/posts"}],"about":[{"href":"https:\/\/radioinsideweb.com.br\/site\/wp-json\/wp\/v2\/types\/post"}],"author":[{"embeddable":true,"href":"https:\/\/radioinsideweb.com.br\/site\/wp-json\/wp\/v2\/users\/1"}],"replies":[{"embeddable":true,"href":"https:\/\/radioinsideweb.com.br\/site\/wp-json\/wp\/v2\/comments?post=1929"}],"version-history":[{"count":0,"href":"https:\/\/radioinsideweb.com.br\/site\/wp-json\/wp\/v2\/posts\/1929\/revisions"}],"wp:featuredmedia":[{"embeddable":true,"href":"https:\/\/radioinsideweb.com.br\/site\/wp-json\/wp\/v2\/media\/1930"}],"wp:attachment":[{"href":"https:\/\/radioinsideweb.com.br\/site\/wp-json\/wp\/v2\/media?parent=1929"}],"wp:term":[{"taxonomy":"category","embeddable":true,"href":"https:\/\/radioinsideweb.com.br\/site\/wp-json\/wp\/v2\/categories?post=1929"},{"taxonomy":"post_tag","embeddable":true,"href":"https:\/\/radioinsideweb.com.br\/site\/wp-json\/wp\/v2\/tags?post=1929"}],"curies":[{"name":"wp","href":"https:\/\/api.w.org\/{rel}","templated":true}]}}