{"id":1931,"date":"2018-07-19T11:35:44","date_gmt":"2018-07-19T14:35:44","guid":{"rendered":"https:\/\/radioinsideweb.com.br\/site\/caminhao-com-transformador-de-480-t-volta-a-circular-pela-via-dutra-no-sul-do-rj\/"},"modified":"2018-07-19T11:35:44","modified_gmt":"2018-07-19T14:35:44","slug":"caminhao-com-transformador-de-480-t-volta-a-circular-pela-via-dutra-no-sul-do-rj","status":"publish","type":"post","link":"https:\/\/radioinsideweb.com.br\/site\/caminhao-com-transformador-de-480-t-volta-a-circular-pela-via-dutra-no-sul-do-rj\/","title":{"rendered":"Caminh\u00e3o com transformador de 480 t volta a circular pela Via Dutra, no Sul do RJ"},"content":{"rendered":"<p>     Nesta ter\u00e7a-feira (19), ele est\u00e1 passando pelo trecho entre Resende e Porto Real, em dire\u00e7\u00e3o ao Rio. Segundo a PRF, que faz a escolta da carga, ve\u00edculo tem que trafegar a 20 km\/h Caminh\u00e3o com transformador de 480 ton volta a circular pela Via Dutra, no Sul do Rio<br \/>\nPRF\/Divulga\u00e7\u00e3o<br \/>\nO caminh\u00e3o com carga superdimensionada de um transformador voltou a circular pela Via Dutra, no Sul do Rio de Janeiro, na manh\u00e3 desta quinta-feira (19). Ele est\u00e1 passando pelo trecho entre Resende e Porto Real, em dire\u00e7\u00e3o ao Rio. Segundo a Pol\u00edcia Rodovi\u00e1ria Federal (PRF), que escolta a carga, o ve\u00edculo circula a 20 km\/h, porque o transformador mede 51 m de comprimento e pesa 480 toneladas. Ele saiu de Queluz, em S\u00e3o Paulo, com destino \u00e0 capital carioca.<br \/>\nA carga deve seguir at\u00e9 a entrada de Bulh\u00f5es, j\u00e1 em Porto Real, no km 293, onde far\u00e1 uma parada para desafogar o tr\u00e2nsito. A previs\u00e3o \u00e9 que o transporte continue durante a parte da tarde. Devido \u00e0s caracter\u00edsticas da carga, a circula\u00e7\u00e3o dela s\u00f3 \u00e9 permitida durante o dia.<br \/>\nPor isso, os motoristas que pegarem a Dutra em dire\u00e7\u00e3o ao Rio precisar\u00e3o ter mais paci\u00eancia do que o habitual. A PRF pede aos condutores, caso se depararem com o ve\u00edculo na rodovia, que tenham aten\u00e7\u00e3o redobrada.<br \/>\nPor conta de um problema mec\u00e2nico, o caminh\u00e3o teve que entrar em Resende. Quando a situa\u00e7\u00e3o foi resolvida e o ve\u00edculo estava retornando \u00e0 Dutra, ele acabou batendo em um poste e ficou agarrado. Por conta disso, o tr\u00e2nsito ficou congestionado na Avenida Dorival Marcondes de Godoy. De acordo com a Guarda Municipal, por volta de 13h30, o ve\u00edculo voltou a circular normalmente.<\/p>\n","protected":false},"excerpt":{"rendered":"<p>Nesta ter\u00e7a-feira (19), ele est\u00e1 passando pelo trecho entre Resende e Porto Real, em dire\u00e7\u00e3o ao Rio. Segundo a PRF, que faz a escolta da carga, ve\u00edculo tem que trafegar a 20 km\/h Caminh\u00e3o com transformador de 480 ton volta a circular pela Via Dutra, no Sul do Rio PRF\/Divulga\u00e7\u00e3o O caminh\u00e3o com carga superdimensionada &hellip;<\/p>\n<p class=\"read-more\"> <a class=\"\" href=\"https:\/\/radioinsideweb.com.br\/site\/caminhao-com-transformador-de-480-t-volta-a-circular-pela-via-dutra-no-sul-do-rj\/\"> <span class=\"screen-reader-text\">Caminh\u00e3o com transformador de 480 t volta a circular pela Via Dutra, no Sul do RJ<\/span> Leia mais &raquo;<\/a><\/p>\n","protected":false},"author":1,"featured_media":1932,"comment_status":"open","ping_status":"open","sticky":false,"template":"","format":"standard","meta":{"footnotes":""},"categories":[1],"tags":[],"class_list":["post-1931","post","type-post","status-publish","format-standard","has-post-thumbnail","hentry","category-uncategorized"],"_links":{"self":[{"href":"https:\/\/radioinsideweb.com.br\/site\/wp-json\/wp\/v2\/posts\/1931","targetHints":{"allow":["GET"]}}],"collection":[{"href":"https:\/\/radioinsideweb.com.br\/site\/wp-json\/wp\/v2\/posts"}],"about":[{"href":"https:\/\/radioinsideweb.com.br\/site\/wp-json\/wp\/v2\/types\/post"}],"author":[{"embeddable":true,"href":"https:\/\/radioinsideweb.com.br\/site\/wp-json\/wp\/v2\/users\/1"}],"replies":[{"embeddable":true,"href":"https:\/\/radioinsideweb.com.br\/site\/wp-json\/wp\/v2\/comments?post=1931"}],"version-history":[{"count":0,"href":"https:\/\/radioinsideweb.com.br\/site\/wp-json\/wp\/v2\/posts\/1931\/revisions"}],"wp:featuredmedia":[{"embeddable":true,"href":"https:\/\/radioinsideweb.com.br\/site\/wp-json\/wp\/v2\/media\/1932"}],"wp:attachment":[{"href":"https:\/\/radioinsideweb.com.br\/site\/wp-json\/wp\/v2\/media?parent=1931"}],"wp:term":[{"taxonomy":"category","embeddable":true,"href":"https:\/\/radioinsideweb.com.br\/site\/wp-json\/wp\/v2\/categories?post=1931"},{"taxonomy":"post_tag","embeddable":true,"href":"https:\/\/radioinsideweb.com.br\/site\/wp-json\/wp\/v2\/tags?post=1931"}],"curies":[{"name":"wp","href":"https:\/\/api.w.org\/{rel}","templated":true}]}}