{"id":1933,"date":"2018-07-18T20:29:52","date_gmt":"2018-07-18T23:29:52","guid":{"rendered":"https:\/\/radioinsideweb.com.br\/site\/ministerio-confirma-677-casos-de-sarampo-em-seis-estados-do-brasil\/"},"modified":"2018-07-18T20:29:52","modified_gmt":"2018-07-18T23:29:52","slug":"ministerio-confirma-677-casos-de-sarampo-em-seis-estados-do-brasil","status":"publish","type":"post","link":"https:\/\/radioinsideweb.com.br\/site\/ministerio-confirma-677-casos-de-sarampo-em-seis-estados-do-brasil\/","title":{"rendered":"Minist\u00e9rio confirma 677 casos de sarampo em seis estados do Brasil"},"content":{"rendered":"<p>     Amazonas e Roraima lideram com maior n\u00famero de infec\u00e7\u00f5es, com 444 e 216 casos, respectivamente. Vacina contra sarampo est\u00e1 dispon\u00edvel no SUS<br \/>\nCristine Rochol\/PMPA<br \/>\nO Minist\u00e9rio da Sa\u00fade atualizou o n\u00famero de casos de sarampo no Brasil: foram 677 casos at\u00e9 esta ter\u00e7a-feira (17) em seis estados: Amazonas, Roraima, Rond\u00f4nia, S\u00e3o Paulo, Rio de Janeiro e Rio Grande do Sul. O n\u00famero de casos em investiga\u00e7\u00e3o assusta: chegou a 2.724.<br \/>\nVacina contra sarampo pode ser aplicada em adultos e crian\u00e7as; entenda<br \/>\nVeja sintomas do sarampo e saiba como se proteger<br \/>\nAtualmente, o Brasil enfrenta dois surtos da doen\u00e7a, em Roraima e no Amazonas. Segundo o governo, eles est\u00e3o relacionados \u00e0 importa\u00e7\u00e3o de casos de outros pa\u00edses. &#8220;Isso ficou comprovado pelo gen\u00f3tipo do v\u00edrus (D8) que foi identificado, que \u00e9 o mesmo que circula na Venezuela&#8221;, afirma o minist\u00e9rio.<br \/>\nCasos de sarampo no Brasil<br \/>\nA regi\u00e3o Norte, como \u00e9 visto na tabela acima, alavanca o n\u00famero de casos. O Minist\u00e9rio da Sa\u00fade acredita que v\u00e1 conseguir controlar os surtos, mas ressalta que o aumento das taxas de vacina\u00e7\u00e3o \u00e9 important\u00edssimo para garantir o controle da doen\u00e7a. Juntamente com o sarampo, o pa\u00eds tamb\u00e9m est\u00e1 atento \u00e0 circula\u00e7\u00e3o e \u00e0s baixas coberturas vacinais da poliomielite.<br \/>\nSarampo no mundo<br \/>\nNesta ter\u00e7a-feira, a Organiza\u00e7\u00e3o Mundial da Sa\u00fade divulgou uma alta no n\u00famero de casos da doen\u00e7a em todo o mundo. A baixa cobertura vacinal em alguns pa\u00edses, como o Brasil, contribuiu para volta da doen\u00e7a &#8211; foram 173.330 casos no planeta, um aumento de 41 mil casos em apenas um ano.<br \/>\nGlobalmente, 85% das crian\u00e7as foram vacinadas com a primeira dose da vacina contra o sarampo no primeiro ano de vida, atrav\u00e9s dos servi\u00e7os de sa\u00fade de rotina e 67% com uma segunda dose.<br \/>\nApesar disso, segundo o relat\u00f3rio da OMS, os n\u00edveis de cobertura permanecem bem aqu\u00e9m da cobertura de imuniza\u00e7\u00e3o contra o sarampo recomendada pela organiza\u00e7\u00e3o, que \u00e9 de pelo menos 95% para evitar surtos, evitar mortes evit\u00e1veis \u200b\u200be alcan\u00e7ar metas de elimina\u00e7\u00e3o regional.<br \/>\n5 fatos sobre o surto de sarampo<br \/>\nEntenda o que \u00e9 sarampo, quais os sintomas, como \u00e9 o tratamento e quem deve se vacinar<br \/>\nInfografia: Karina Almeida\/G1<\/p>\n","protected":false},"excerpt":{"rendered":"<p>Amazonas e Roraima lideram com maior n\u00famero de infec\u00e7\u00f5es, com 444 e 216 casos, respectivamente. Vacina contra sarampo est\u00e1 dispon\u00edvel no SUS Cristine Rochol\/PMPA O Minist\u00e9rio da Sa\u00fade atualizou o n\u00famero de casos de sarampo no Brasil: foram 677 casos at\u00e9 esta ter\u00e7a-feira (17) em seis estados: Amazonas, Roraima, Rond\u00f4nia, S\u00e3o Paulo, Rio de Janeiro &hellip;<\/p>\n<p class=\"read-more\"> <a class=\"\" href=\"https:\/\/radioinsideweb.com.br\/site\/ministerio-confirma-677-casos-de-sarampo-em-seis-estados-do-brasil\/\"> <span class=\"screen-reader-text\">Minist\u00e9rio confirma 677 casos de sarampo em seis estados do Brasil<\/span> Leia mais &raquo;<\/a><\/p>\n","protected":false},"author":1,"featured_media":1934,"comment_status":"open","ping_status":"open","sticky":false,"template":"","format":"standard","meta":{"footnotes":""},"categories":[1],"tags":[],"class_list":["post-1933","post","type-post","status-publish","format-standard","has-post-thumbnail","hentry","category-uncategorized"],"_links":{"self":[{"href":"https:\/\/radioinsideweb.com.br\/site\/wp-json\/wp\/v2\/posts\/1933","targetHints":{"allow":["GET"]}}],"collection":[{"href":"https:\/\/radioinsideweb.com.br\/site\/wp-json\/wp\/v2\/posts"}],"about":[{"href":"https:\/\/radioinsideweb.com.br\/site\/wp-json\/wp\/v2\/types\/post"}],"author":[{"embeddable":true,"href":"https:\/\/radioinsideweb.com.br\/site\/wp-json\/wp\/v2\/users\/1"}],"replies":[{"embeddable":true,"href":"https:\/\/radioinsideweb.com.br\/site\/wp-json\/wp\/v2\/comments?post=1933"}],"version-history":[{"count":0,"href":"https:\/\/radioinsideweb.com.br\/site\/wp-json\/wp\/v2\/posts\/1933\/revisions"}],"wp:featuredmedia":[{"embeddable":true,"href":"https:\/\/radioinsideweb.com.br\/site\/wp-json\/wp\/v2\/media\/1934"}],"wp:attachment":[{"href":"https:\/\/radioinsideweb.com.br\/site\/wp-json\/wp\/v2\/media?parent=1933"}],"wp:term":[{"taxonomy":"category","embeddable":true,"href":"https:\/\/radioinsideweb.com.br\/site\/wp-json\/wp\/v2\/categories?post=1933"},{"taxonomy":"post_tag","embeddable":true,"href":"https:\/\/radioinsideweb.com.br\/site\/wp-json\/wp\/v2\/tags?post=1933"}],"curies":[{"name":"wp","href":"https:\/\/api.w.org\/{rel}","templated":true}]}}