{"id":1944,"date":"2018-07-18T06:52:33","date_gmt":"2018-07-18T09:52:33","guid":{"rendered":"https:\/\/radioinsideweb.com.br\/site\/vai-viajar-no-dia-da-eleicao-saiba-como-votar-em-transito\/"},"modified":"2018-07-18T06:52:33","modified_gmt":"2018-07-18T09:52:33","slug":"vai-viajar-no-dia-da-eleicao-saiba-como-votar-em-transito","status":"publish","type":"post","link":"https:\/\/radioinsideweb.com.br\/site\/vai-viajar-no-dia-da-eleicao-saiba-como-votar-em-transito\/","title":{"rendered":"Vai viajar no dia da elei\u00e7\u00e3o? Saiba como votar em tr\u00e2nsito"},"content":{"rendered":"<p>     Cart\u00f3rios eleitorais recebem pedidos de transfer\u00eancia at\u00e9 23 de agosto. Mais de 1 milh\u00e3o de eleitores s\u00e3o esperados nas urnas<br \/>\nLucas Nascimento\/TRE<br \/>\nEleitores t\u00eam encontro marcado com a urna eletr\u00f4nica nos dias 7 e 28 de outubro. Mas quem estiver fora de seu domic\u00edlio eleitoral pode votar normalmente. Basta se cadastrar para o voto em tr\u00e2nsito. No Estado do Rio, o servi\u00e7o est\u00e1 dispon\u00edvel nos seguintes munic\u00edpios:<br \/>\nRio de Janeiro<br \/>\nBelford Roxo<br \/>\nCampos dos Goytacazes<br \/>\nDuque de Caxias<br \/>\nNiter\u00f3i<br \/>\nNova Igua\u00e7u<br \/>\nS\u00e3o Gon\u00e7alo<br \/>\nS\u00e3o Jo\u00e3o de Meriti<br \/>\nVolta Redonda<br \/>\nO eleitor dever\u00e1 comparecer em qualquer cart\u00f3rio eleitoral e solicitar a habilita\u00e7\u00e3o. Basta apresentar um documento oficial com foto e indicar onde pretende votar. Os endere\u00e7os dos cart\u00f3rios podem ser consultados neste link. O prazo para pedir a transfer\u00eancia vai at\u00e9 23 de agosto.<br \/>\nSe o eleitor indicar um munic\u00edpio dentro do Estado do Rio, poder\u00e1 votar para todos os cargos &#8211; presidente, governador, senador, deputado federal e deputado estadual. Se o local de destino for for do estado, o voto ser\u00e1 restrito a presidente da Rep\u00fablica.<br \/>\nCaso o eleitor habilitado para votar em tr\u00e2nsito n\u00e3o compare\u00e7a \u00e0 se\u00e7\u00e3o em outubro, ele dever\u00e1 justificar sua aus\u00eancia, inclusive se estiver em seu domic\u00edlio eleitoral de origem no dia da elei\u00e7\u00e3o. A justificativa de aus\u00eancia nos dias de vota\u00e7\u00e3o n\u00e3o poder\u00e1 ser feita no munic\u00edpio por ele indicado para o exerc\u00edcio do voto.<\/p>\n","protected":false},"excerpt":{"rendered":"<p>Cart\u00f3rios eleitorais recebem pedidos de transfer\u00eancia at\u00e9 23 de agosto. Mais de 1 milh\u00e3o de eleitores s\u00e3o esperados nas urnas Lucas Nascimento\/TRE Eleitores t\u00eam encontro marcado com a urna eletr\u00f4nica nos dias 7 e 28 de outubro. Mas quem estiver fora de seu domic\u00edlio eleitoral pode votar normalmente. Basta se cadastrar para o voto em &hellip;<\/p>\n<p class=\"read-more\"> <a class=\"\" href=\"https:\/\/radioinsideweb.com.br\/site\/vai-viajar-no-dia-da-eleicao-saiba-como-votar-em-transito\/\"> <span class=\"screen-reader-text\">Vai viajar no dia da elei\u00e7\u00e3o? Saiba como votar em tr\u00e2nsito<\/span> Leia mais &raquo;<\/a><\/p>\n","protected":false},"author":0,"featured_media":1945,"comment_status":"open","ping_status":"open","sticky":false,"template":"","format":"standard","meta":{"footnotes":""},"categories":[1],"tags":[],"class_list":["post-1944","post","type-post","status-publish","format-standard","has-post-thumbnail","hentry","category-uncategorized"],"_links":{"self":[{"href":"https:\/\/radioinsideweb.com.br\/site\/wp-json\/wp\/v2\/posts\/1944","targetHints":{"allow":["GET"]}}],"collection":[{"href":"https:\/\/radioinsideweb.com.br\/site\/wp-json\/wp\/v2\/posts"}],"about":[{"href":"https:\/\/radioinsideweb.com.br\/site\/wp-json\/wp\/v2\/types\/post"}],"replies":[{"embeddable":true,"href":"https:\/\/radioinsideweb.com.br\/site\/wp-json\/wp\/v2\/comments?post=1944"}],"version-history":[{"count":0,"href":"https:\/\/radioinsideweb.com.br\/site\/wp-json\/wp\/v2\/posts\/1944\/revisions"}],"wp:featuredmedia":[{"embeddable":true,"href":"https:\/\/radioinsideweb.com.br\/site\/wp-json\/wp\/v2\/media\/1945"}],"wp:attachment":[{"href":"https:\/\/radioinsideweb.com.br\/site\/wp-json\/wp\/v2\/media?parent=1944"}],"wp:term":[{"taxonomy":"category","embeddable":true,"href":"https:\/\/radioinsideweb.com.br\/site\/wp-json\/wp\/v2\/categories?post=1944"},{"taxonomy":"post_tag","embeddable":true,"href":"https:\/\/radioinsideweb.com.br\/site\/wp-json\/wp\/v2\/tags?post=1944"}],"curies":[{"name":"wp","href":"https:\/\/api.w.org\/{rel}","templated":true}]}}