{"id":1948,"date":"2018-07-17T19:38:25","date_gmt":"2018-07-17T22:38:25","guid":{"rendered":"https:\/\/radioinsideweb.com.br\/site\/caminhao-com-transformador-de-480-toneladas-passa-pela-via-dutra-no-sul-do-rio\/"},"modified":"2018-07-17T19:38:25","modified_gmt":"2018-07-17T22:38:25","slug":"caminhao-com-transformador-de-480-toneladas-passa-pela-via-dutra-no-sul-do-rio","status":"publish","type":"post","link":"https:\/\/radioinsideweb.com.br\/site\/caminhao-com-transformador-de-480-toneladas-passa-pela-via-dutra-no-sul-do-rio\/","title":{"rendered":"Caminh\u00e3o com transformador de 480 toneladas passa pela Via Dutra, no Sul do Rio"},"content":{"rendered":"<p>     Carga saiu de Queluz, em S\u00e3o Paulo, com destino ao Rio de Janeiro. PRF faz a escolta do ve\u00edculo que circula a 20 km\/h. Caminh\u00e3o com transformador de 480 toneladas passa pela Via Dutra, no Sul do Rio<br \/>\nArquivo Pessoal<br \/>\nUm caminh\u00e3o com uma carga superdimensionada de um transformador est\u00e1 passando na tarde desta ter\u00e7a-feira (17) na Via Dutra, no trecho do Sul do Rio de Janeiro. Segundo a Pol\u00edcia Rodovi\u00e1ria Federal (PRF), que est\u00e1 fazendo a escolta da carga na rodovia, ela saiu de Queluz, em S\u00e3o Paulo, com destino ao Rio de Janeiro. O ve\u00edculo circula a 20 km\/h. O transformador mede 51 m de comprimento e pesa 480 toneladas.<br \/>\nA carga vai passar a noite \u00e0s margens da estrada, na altura de Penedo, em Itatiaia, porque a circula\u00e7\u00e3o s\u00f3 \u00e9 permitida durante o dia. A PRF pede aos motoristas, que se depararem com o ve\u00edculo na Via Dutra, que tenham aten\u00e7\u00e3o redobrada. O congestionamento no sentido Rio chegou a 2 km.<\/p>\n","protected":false},"excerpt":{"rendered":"<p>Carga saiu de Queluz, em S\u00e3o Paulo, com destino ao Rio de Janeiro. PRF faz a escolta do ve\u00edculo que circula a 20 km\/h. Caminh\u00e3o com transformador de 480 toneladas passa pela Via Dutra, no Sul do Rio Arquivo Pessoal Um caminh\u00e3o com uma carga superdimensionada de um transformador est\u00e1 passando na tarde desta ter\u00e7a-feira &hellip;<\/p>\n<p class=\"read-more\"> <a class=\"\" href=\"https:\/\/radioinsideweb.com.br\/site\/caminhao-com-transformador-de-480-toneladas-passa-pela-via-dutra-no-sul-do-rio\/\"> <span class=\"screen-reader-text\">Caminh\u00e3o com transformador de 480 toneladas passa pela Via Dutra, no Sul do Rio<\/span> Leia mais &raquo;<\/a><\/p>\n","protected":false},"author":0,"featured_media":1949,"comment_status":"open","ping_status":"open","sticky":false,"template":"","format":"standard","meta":{"footnotes":""},"categories":[1],"tags":[],"class_list":["post-1948","post","type-post","status-publish","format-standard","has-post-thumbnail","hentry","category-uncategorized"],"_links":{"self":[{"href":"https:\/\/radioinsideweb.com.br\/site\/wp-json\/wp\/v2\/posts\/1948","targetHints":{"allow":["GET"]}}],"collection":[{"href":"https:\/\/radioinsideweb.com.br\/site\/wp-json\/wp\/v2\/posts"}],"about":[{"href":"https:\/\/radioinsideweb.com.br\/site\/wp-json\/wp\/v2\/types\/post"}],"replies":[{"embeddable":true,"href":"https:\/\/radioinsideweb.com.br\/site\/wp-json\/wp\/v2\/comments?post=1948"}],"version-history":[{"count":0,"href":"https:\/\/radioinsideweb.com.br\/site\/wp-json\/wp\/v2\/posts\/1948\/revisions"}],"wp:featuredmedia":[{"embeddable":true,"href":"https:\/\/radioinsideweb.com.br\/site\/wp-json\/wp\/v2\/media\/1949"}],"wp:attachment":[{"href":"https:\/\/radioinsideweb.com.br\/site\/wp-json\/wp\/v2\/media?parent=1948"}],"wp:term":[{"taxonomy":"category","embeddable":true,"href":"https:\/\/radioinsideweb.com.br\/site\/wp-json\/wp\/v2\/categories?post=1948"},{"taxonomy":"post_tag","embeddable":true,"href":"https:\/\/radioinsideweb.com.br\/site\/wp-json\/wp\/v2\/tags?post=1948"}],"curies":[{"name":"wp","href":"https:\/\/api.w.org\/{rel}","templated":true}]}}