{"id":1950,"date":"2018-07-13T16:23:15","date_gmt":"2018-07-13T19:23:15","guid":{"rendered":"https:\/\/radioinsideweb.com.br\/site\/nego-do-borel-chega-a-dp-para-depor-sobre-roubo-e-recuperacao-de-carro\/"},"modified":"2018-07-13T16:23:15","modified_gmt":"2018-07-13T19:23:15","slug":"nego-do-borel-chega-a-dp-para-depor-sobre-roubo-e-recuperacao-de-carro","status":"publish","type":"post","link":"https:\/\/radioinsideweb.com.br\/site\/nego-do-borel-chega-a-dp-para-depor-sobre-roubo-e-recuperacao-de-carro\/","title":{"rendered":"Nego do Borel chega \u00e0 DP para depor sobre roubo e recupera\u00e7\u00e3o de carro"},"content":{"rendered":"<p>     Cantor relatou que teve BMW roubado na Pra\u00e7a Saens Pe\u00f1a e que ve\u00edculo foi posteriormente recuperado. Nego do Borel chega para depor na 19\u00aa DP<br \/>\nCarlos Brito\/G1<br \/>\nO cantor Nego do Borel prestava depoimento na tarde desta sexta-feira (13) sobre o roubo de seu BMW, ocorrido na Pra\u00e7a Saens Pe\u00f1a, na Tijuca, no \u00faltimo domingo (8). O crime n\u00e3o foi registrado em nenhuma delegacia. Mesmo com a recupera\u00e7\u00e3o do ve\u00edculo, a 19\u00aa DP (Tijuca) intimou o cantor a comparecer \u00e0 delegacia nesta sexta-feira (13).<br \/>\nNo dia do roubo, o cantor chegou a publicar um v\u00eddeo em redes sociais pedindo ajuda para recuperar o carro, uma BMW X6 avaliada em R$ 500 mil. Por\u00e9m, o v\u00eddeo foi apagado logo depois. Na segunda-feira (9), o artista agradeceu em redes sociais e afirmou que o carro foi recuperado.<br \/>\nNego do Borel publicou em redes sociais que recuperou o carro um dia ap\u00f3s ser roubado; delegacia agora investiga o crime.<br \/>\nPoliciais da 19 DP informaram que, em depoimento, Nego do Borel afirmou que voltava de S\u00e3o Paulo quando soube que seu pai, que dirigia o carro e estava a caminho do aeroporto para busc\u00e1-lo, foi assaltado por bandidos armados.<br \/>\nAssim que soube, ele gravou um v\u00eddeo avisando sobre o roubo do ve\u00edculo &#8211; logo depois, esse conte\u00fado foi apagado.<br \/>\nO carro, que enquanto esteve em poder dos bandidos foi usado para cometer um roubo, foi encontrado na mesma noite, no Morro do Pinto.<br \/>\nA delegada titular, Cristiana Bento, explicou que a intima\u00e7\u00e3o teve como objetivo entender a din\u00e2mica do roubo, e, principalmente, quem pode estar roubando carros na \u00e1rea da Tijuca. Entre janeiro e maio de 2018, de acordo com o Instituto de Seguran\u00e7a P\u00fablica (ISP), foram registrados 140 roubos de carro na regi\u00e3o da delegacia.<br \/>\n&#8220;Queremos saber exatamente onde foi o roubo, quantos criminosos praticaram esse roubo, se estavam armados, se ele consegue identificar, e queremos saber como houve a recupera\u00e7\u00e3o deste ve\u00edculo. Em que comunidade o ve\u00edculo estava?&#8221;, explicou a delegada.<br \/>\nClipe<br \/>\nNo mesmo dia em que recuperou o carro, o artista divulgou na internet o clipe da m\u00fasica &#8220;Me Solta&#8221;. No v\u00eddeo, no qual o cantor se veste com roupas femininas e encarna a personagem Nega da Borelli, ele beija um ator com quem dan\u00e7ava.<br \/>\nO clipe foi gravado em junho no Morro do Borel, na Tijuca, onde o cantor foi criado.<\/p>\n","protected":false},"excerpt":{"rendered":"<p>Cantor relatou que teve BMW roubado na Pra\u00e7a Saens Pe\u00f1a e que ve\u00edculo foi posteriormente recuperado. Nego do Borel chega para depor na 19\u00aa DP Carlos Brito\/G1 O cantor Nego do Borel prestava depoimento na tarde desta sexta-feira (13) sobre o roubo de seu BMW, ocorrido na Pra\u00e7a Saens Pe\u00f1a, na Tijuca, no \u00faltimo domingo &hellip;<\/p>\n<p class=\"read-more\"> <a class=\"\" href=\"https:\/\/radioinsideweb.com.br\/site\/nego-do-borel-chega-a-dp-para-depor-sobre-roubo-e-recuperacao-de-carro\/\"> <span class=\"screen-reader-text\">Nego do Borel chega \u00e0 DP para depor sobre roubo e recupera\u00e7\u00e3o de carro<\/span> Leia mais &raquo;<\/a><\/p>\n","protected":false},"author":0,"featured_media":1951,"comment_status":"open","ping_status":"open","sticky":false,"template":"","format":"standard","meta":{"footnotes":""},"categories":[1],"tags":[],"class_list":["post-1950","post","type-post","status-publish","format-standard","has-post-thumbnail","hentry","category-uncategorized"],"_links":{"self":[{"href":"https:\/\/radioinsideweb.com.br\/site\/wp-json\/wp\/v2\/posts\/1950","targetHints":{"allow":["GET"]}}],"collection":[{"href":"https:\/\/radioinsideweb.com.br\/site\/wp-json\/wp\/v2\/posts"}],"about":[{"href":"https:\/\/radioinsideweb.com.br\/site\/wp-json\/wp\/v2\/types\/post"}],"replies":[{"embeddable":true,"href":"https:\/\/radioinsideweb.com.br\/site\/wp-json\/wp\/v2\/comments?post=1950"}],"version-history":[{"count":0,"href":"https:\/\/radioinsideweb.com.br\/site\/wp-json\/wp\/v2\/posts\/1950\/revisions"}],"wp:featuredmedia":[{"embeddable":true,"href":"https:\/\/radioinsideweb.com.br\/site\/wp-json\/wp\/v2\/media\/1951"}],"wp:attachment":[{"href":"https:\/\/radioinsideweb.com.br\/site\/wp-json\/wp\/v2\/media?parent=1950"}],"wp:term":[{"taxonomy":"category","embeddable":true,"href":"https:\/\/radioinsideweb.com.br\/site\/wp-json\/wp\/v2\/categories?post=1950"},{"taxonomy":"post_tag","embeddable":true,"href":"https:\/\/radioinsideweb.com.br\/site\/wp-json\/wp\/v2\/tags?post=1950"}],"curies":[{"name":"wp","href":"https:\/\/api.w.org\/{rel}","templated":true}]}}